{"id":57,"date":"2025-10-22T18:38:35","date_gmt":"2025-10-22T18:38:35","guid":{"rendered":"http:\/\/gorajec.info\/?p=57"},"modified":"2025-12-22T18:39:03","modified_gmt":"2025-12-22T18:39:03","slug":"dni-niepodleglosci-po-chlopsku","status":"publish","type":"post","link":"http:\/\/gorajec.info\/index.php\/2025\/10\/22\/dni-niepodleglosci-po-chlopsku\/","title":{"rendered":"Dni Niepodleg\u0142o\u015bci po ch\u0142opsku"},"content":{"rendered":"<div class=\"xdj266r x14z9mp xat24cr x1lziwak x1vvkbs\">Zapraszamy was na wsp\u00f3lne \u015bwi\u0119towanie Dni Niepodleg\u0142o\u015bci po ch\u0142opsku, wiejsku i na ludowo. 11 listopada chcemy opowiedzie\u0107 o jednej z najwi\u0119kszych, bezkrwawych rewolucji na wsi, czyli o zniesieniu pa\u0144szczyzny w Galicji w roku 1848. <br class=\"html-br\" \/>11 listopada spotkamy si\u0119 we wsi Gorajec, \u017ceby opowiedzie\u0107 wam co wynik\u0142o z naszych bada\u0144, z naszych rozm\u00f3w. <br class=\"html-br\" \/>Plan jest nast\u0119puj\u0105cy:<br class=\"html-br\" \/><span class=\"html-span xexx8yu xyri2b x18d9i69 x1c1uobl x1hl2dhg x16tdsg8 x1vvkbs x3nfvp2 x1j61x8r x1fcty0u xdj266r xat24cr xm2jcoa x1mpyi22 xxymvpz xlup9mm x1kky2od\"><img loading=\"lazy\" decoding=\"async\" class=\"xz74otr x15mokao x1ga7v0g x16uus16 xbiv7yw\" src=\"https:\/\/static.xx.fbcdn.net\/images\/emoji.php\/v9\/t1f\/1\/16\/1f3b6.png\" alt=\"\ud83c\udfb6\" width=\"16\" height=\"16\" \/><\/span> Zagra i za\u015bpiewa zesp\u00f3\u0142 Traszno,<br class=\"html-br\" \/><span class=\"html-span xexx8yu xyri2b x18d9i69 x1c1uobl x1hl2dhg x16tdsg8 x1vvkbs x3nfvp2 x1j61x8r x1fcty0u xdj266r xat24cr xm2jcoa x1mpyi22 xxymvpz xlup9mm x1kky2od\"><img loading=\"lazy\" decoding=\"async\" class=\"xz74otr x15mokao x1ga7v0g x16uus16 xbiv7yw\" src=\"https:\/\/static.xx.fbcdn.net\/images\/emoji.php\/v9\/tcd\/1\/16\/1fab6.png\" alt=\"\ud83e\udeb6\" width=\"16\" height=\"16\" \/><\/span> Etnolo\u017cka i badaczka pami\u0119ci Magdalena Zych opowie o swoich badaniach:<br class=\"html-br\" \/>\u201e\u015awi\u0119to Zniesienia Pa\u0144szczyzny \u2013 aspekty etnograficzne i antropologiczne\u201d.<br class=\"html-br\" \/><span class=\"html-span xexx8yu xyri2b x18d9i69 x1c1uobl x1hl2dhg x16tdsg8 x1vvkbs x3nfvp2 x1j61x8r x1fcty0u xdj266r xat24cr xm2jcoa x1mpyi22 xxymvpz xlup9mm x1kky2od\"><img loading=\"lazy\" decoding=\"async\" class=\"xz74otr x15mokao x1ga7v0g x16uus16 xbiv7yw\" src=\"https:\/\/static.xx.fbcdn.net\/images\/emoji.php\/v9\/t66\/1\/16\/1f372.png\" alt=\"\ud83c\udf72\" width=\"16\" height=\"16\" \/><\/span> Nie zabraknie tak\u017ce potraw przygotowanych przez lokalne Ko\u0142a Gospody\u0144 Wiejskich<br class=\"html-br\" \/>Wi\u0119c je\u015bli chcecie w wyj\u0105tkowy spos\u00f3b \u015bwi\u0119towa\u0107 Dzie\u0144 Niepodleg\u0142o\u015bci to zapraszamy do Chutoru Gorajec.<\/div>\n<div class=\"x14z9mp xat24cr x1lziwak x1vvkbs xtlvy1s\">Wydarzenie jest bezp\u0142atne a odb\u0119dzie si\u0119 w go\u015bcinnych progach agroturystyki Chutor Gorajec.<\/div>\n<div class=\"x14z9mp xat24cr x1lziwak x1vvkbs xtlvy1s\">Zaprasza Stowarzyszenie Folkowisko<\/div>\n","protected":false},"excerpt":{"rendered":"<p>Zapraszamy was na wsp\u00f3lne \u015bwi\u0119towanie Dni Niepodleg\u0142o\u015bci po ch\u0142opsku, wiejsku i na ludowo. 11 listopada chcemy opowiedzie\u0107 o jednej z najwi\u0119kszych, bezkrwawych rewolucji na wsi, czyli o zniesieniu pa\u0144szczyzny w Galicji w roku 1848. 11 listopada spotkamy si\u0119 we wsi Gorajec, \u017ceby opowiedzie\u0107 wam co wynik\u0142o z naszych bada\u0144, z naszych rozm\u00f3w. Plan jest nast\u0119puj\u0105cy: &hellip; <\/p>\n<p class=\"link-more\"><a href=\"http:\/\/gorajec.info\/index.php\/2025\/10\/22\/dni-niepodleglosci-po-chlopsku\/\" class=\"more-link\">Czytaj dalej<span class=\"screen-reader-text\"> \u201eDni Niepodleg\u0142o\u015bci po ch\u0142opsku\u201d<\/span><\/a><\/p>\n","protected":false},"author":1,"featured_media":0,"comment_status":"open","ping_status":"open","sticky":false,"template":"","format":"standard","meta":{"footnotes":""},"categories":[1],"tags":[],"class_list":["post-57","post","type-post","status-publish","format-standard","hentry","category-uncategorized"],"_links":{"self":[{"href":"http:\/\/gorajec.info\/index.php\/wp-json\/wp\/v2\/posts\/57","targetHints":{"allow":["GET"]}}],"collection":[{"href":"http:\/\/gorajec.info\/index.php\/wp-json\/wp\/v2\/posts"}],"about":[{"href":"http:\/\/gorajec.info\/index.php\/wp-json\/wp\/v2\/types\/post"}],"author":[{"embeddable":true,"href":"http:\/\/gorajec.info\/index.php\/wp-json\/wp\/v2\/users\/1"}],"replies":[{"embeddable":true,"href":"http:\/\/gorajec.info\/index.php\/wp-json\/wp\/v2\/comments?post=57"}],"version-history":[{"count":1,"href":"http:\/\/gorajec.info\/index.php\/wp-json\/wp\/v2\/posts\/57\/revisions"}],"predecessor-version":[{"id":58,"href":"http:\/\/gorajec.info\/index.php\/wp-json\/wp\/v2\/posts\/57\/revisions\/58"}],"wp:attachment":[{"href":"http:\/\/gorajec.info\/index.php\/wp-json\/wp\/v2\/media?parent=57"}],"wp:term":[{"taxonomy":"category","embeddable":true,"href":"http:\/\/gorajec.info\/index.php\/wp-json\/wp\/v2\/categories?post=57"},{"taxonomy":"post_tag","embeddable":true,"href":"http:\/\/gorajec.info\/index.php\/wp-json\/wp\/v2\/tags?post=57"}],"curies":[{"name":"wp","href":"https:\/\/api.w.org\/{rel}","templated":true}]}}